{"id":8027,"date":"2015-07-12T10:29:32","date_gmt":"2015-07-12T14:29:32","guid":{"rendered":"http:\/\/vaearts.org\/US\/?p=8027"},"modified":"2018-03-15T00:51:49","modified_gmt":"2018-03-15T04:51:49","slug":"071715-13o-festival-de-cine-independiente-usa-2015","status":"publish","type":"post","link":"https:\/\/vaearts.org\/US\/071715-13o-festival-de-cine-independiente-usa-2015\/","title":{"rendered":"07\/17\/15 13\u00ba Festival de Cine Independiente USA 2015"},"content":{"rendered":"<p><!--more--><img loading=\"lazy\" decoding=\"async\" class=\"wp-image-8028 aligncenter\" alt=\"Festivaldecine\" src=\"http:\/\/vaearts.org\/US\/wp-content\/uploads\/2015\/07\/Festivaldecine-1024x576.png\" width=\"717\" height=\"403\" srcset=\"https:\/\/vaearts.org\/US\/wp-content\/uploads\/2015\/07\/Festivaldecine-300x169.png 300w, https:\/\/vaearts.org\/US\/wp-content\/uploads\/2015\/07\/Festivaldecine-1024x576.png 1024w, https:\/\/vaearts.org\/US\/wp-content\/uploads\/2015\/07\/Festivaldecine.png 1136w\" sizes=\"auto, (max-width: 717px) 100vw, 717px\" \/><\/p>\n<p>A partir del viernes 17 de Julio se inicia en Caracas el Decimotercero Festival de Cine Independiente USA 2015. A cargo de la Embajada de Estados Unidos, este a\u00f1o la muestra trae una variada cartelera de reconocidas producciones cinematogr\u00e1ficas que podr\u00e1n ser apreciadas en los diversos espacios del Circuito Gran Cine, Cines Paseo del Trasnocho Cultural, Centro Plaza, Cinemateca Nacional, La Previsora, as\u00ed como en otras salas de los circuitos Cinex y Cines Unidos.<\/p>\n<p><iframe loading=\"lazy\" src=\"https:\/\/www.youtube.com\/embed\/eQuJA3SfKio?rel=0\" height=\"315\" width=\"560\" allowfullscreen=\"\" frameborder=\"0\"><\/iframe><\/p>\n<p>&nbsp;<\/p>\n<p>Lista de pel\u00edculas:<\/p>\n<p><strong><a href=\"https:\/\/www.youtube.com\/watch?v=OJFFcIQgPfI\" target=\"_blank\">CONDENADOS (Devil\u00b4s knot) &#8211; Ver Trailer<br \/>\n<\/a>Atom Egoyan\u00a0\/ 114\u00a0min. \/ Cines Unidos C.A.<\/strong><br \/>\nEn 1993, tres ni\u00f1os de 8 a\u00f1os fueron brutalmente asesinados en un barrio de Memphis. Las autoridades locales sufrieron una gran presi\u00f3n popular para que encontrar\u00e1n lo antes posible a los culpables. Una serie de pruebas circunstanciales unidas a las habladur\u00edas de la gente dieron pie a una aut\u00e9ntica caza de brujas contra tres chicos de indumentaria g\u00f3tica e interesados por el satanismo. &#8220;Los tres de West Memphis&#8221; eran los sospechosos perfectos para satisfacer a la opini\u00f3n p\u00fablica. Sin embargo, ni la madre de una de las v\u00edctimas ni un apasionado investigador que trabajaba para la defensa cre\u00edan que fueran los verdaderos responsables.<\/p>\n<p><strong><a href=\"https:\/\/www.youtube.com\/watch?v=8361stZ8n0w\" target=\"_blank\"><strong>FOXCATCHER<\/strong>\u00a0&#8211; Ver Trailer<br \/>\n<\/a>Bennet Miller \/ 134 min. \/ Cinematogr\u00e1fica Blancica C.A.<br \/>\n<\/strong>Cuando Mark Schultz (Channing Tatum), medallista de oro ol\u00edmpico, es invitado por el rico heredero John du Pont (Steve Carell) para ayudarle a crear un campo de entrenamiento de alto nivel, en el que preparar a un equipo para los Juegos Ol\u00edmpicos de Se\u00fal 1988, Schultz dice que s\u00ed inmediatamente. Espera poder concentrarse en los entrenamientos y evitar as\u00ed que su hermano Dave (Mark Ruffalo) lo adelante siempre. La pel\u00edcula cont\u00f3 con 5 nominaciones al Oscar 2015, en las categor\u00edas de mejor actor protagonista, actor de reparto, direcci\u00f3n, gui\u00f3n original y maquillaje\/estilismo.<\/p>\n<p><strong><strong><a href=\"https:\/\/www.youtube.com\/watch?v=LAwbwKURvm0\" target=\"_blank\">MAGIA A LA LUZ DE LA LUNA (<\/a><\/strong><strong><a href=\"https:\/\/www.youtube.com\/watch?v=LAwbwKURvm0\" target=\"_blank\">Magic in the moonlight) &#8211; Ver Trailer<br \/>\n<\/a><\/strong><\/strong>Woody Allen \/ 97 min.. \/ Empresa Cines Unidos C.A.<br \/>\nEn la Francia de los a\u00f1os 20, durante la \u00e9poca dorada del jazz, un mago ingl\u00e9s (Colin Firth) est\u00e1 decidido a desenmascarar a una falsa m\u00e9dium (Emma Stone). Esto desencadenar\u00e1 una serie de hechos m\u00e1gicos que sacudir\u00e1n la vida de ambos.<\/p>\n<p><a href=\"https:\/\/www.youtube.com\/watch?v=zPuoWzLjhFo\" target=\"_blank\"><strong>OR\u00cdGENES<\/strong><strong>\u00a0\u00a0<\/strong><strong>(I origins) &#8211; Ver Trailer<br \/>\n<\/strong><\/a>Mike Cahill \/ 113 min. \u00a0\/ Cines Unidos C.A.\u00a0&#8211; 20th. Century Fox<br \/>\nIan Gray, un estudiante de biolog\u00eda molecular especializado en la evoluci\u00f3n del ojo humano, conoce a una misteriosa mujer cuyo iris es multicolor. A\u00f1os despu\u00e9s, su investigaci\u00f3n lo lleva a hacer un descubrimiento asombroso, que podr\u00eda cambiar la forma en que percibimos nuestra existencia. Ganadora del premio Alfred P. Sloan en el Festival de cine de Sundance 2014 y del premio a la mejor pel\u00edcula en el Festival de cine de Sitges 2014.<\/p>\n<p><a href=\"https:\/\/www.youtube.com\/watch?v=fwxmnyoofPs\" target=\"_blank\"><strong>POLVO DE ESTRELLAS<\/strong>\u00a0<\/a><strong><a href=\"https:\/\/www.youtube.com\/watch?v=fwxmnyoofPs\" target=\"_blank\">(Maps to the stars) &#8211; Ver Trailer<br \/>\n<\/a><\/strong>David Cronenberg \/\u00a0111 min. \/ Cinematogr\u00e1fica Blancica<br \/>\nUn cuento moderno sobre la obsesi\u00f3n por la popularidad. Stafford Weiss es terapeuta y escribe libros de autoayuda. Tiene una mujer sobreprotectora, un hijo antigua estrella de la TV en rehabilitaci\u00f3n y una hija que acaba de salir del psiqui\u00e1trico. La principal cliente de Stafford es una famosa actriz, a punto de interpretar el papel que hizo su madre en los a\u00f1os 60. Julianne Moore obtuvo la Palma de Oro en el festival de cine de Cannes 2014 como mejor actriz por su trabajo en esta pel\u00edcula.<\/p>\n<p><a href=\"https:\/\/www.youtube.com\/watch?v=YOavDSErmak\" target=\"_blank\"><strong>RETRATOS DE UNA\u00a0MENTIRA<\/strong>\u00a0<\/a><strong><a href=\"https:\/\/www.youtube.com\/watch?v=YOavDSErmak\" target=\"_blank\">(Big eyes) &#8211; Ver Trailer<br \/>\n<\/a><\/strong>Tim Burton \/ 106 min. \/ Cinematogr\u00e1fica Blancica<br \/>\nNarra la historia de Margaret y Walter Keane. En los a\u00f1os 50 y 60 del siglo pasado, tuvieron un \u00e9xito enorme los cuadros que representaban ni\u00f1os de grandes ojos. La autora era Margaret, pero los firmaba Walter, su marido, porque, al parecer, \u00e9l era muy h\u00e1bil para el marketing.<\/p>\n<p><strong><a href=\"https:\/\/www.youtube.com\/watch?v=wZfs22E7JmI\" target=\"_blank\">VICIO PROPIO\u00a0<\/a><\/strong><strong><a href=\"https:\/\/www.youtube.com\/watch?v=wZfs22E7JmI\" target=\"_blank\">(Inherent vice) &#8211; Ver Trailer<br \/>\n<\/a><\/strong>Paul Thomas Anderson \/\u00a0148 min. \/ Cinematogr\u00e1fica Blancica &#8211; Warner Bros.<br \/>\nCalifornia, a\u00f1o 1970. Doc Sportello es un peculiar detective privado de Los \u00c1ngeles. Despu\u00e9s de mucho tiempo sin verse, su ex, Shasta, una seductora &#8220;femme fatale&#8221;, le pide ayuda debido a la desaparici\u00f3n de su amante, un magnate inmobiliario que pretend\u00eda devolverle a la sociedad todo lo que hab\u00eda expoliado. Sportello se ve enredado as\u00ed en una una trama propia del cine negro. Adaptaci\u00f3n de la novela hom\u00f3nima de Thomas Pynchon publicada en 2009.<\/p>\n<p>Proyecciones \/ cines:<\/p>\n<p><a href=\"http:\/\/i.imgur.com\/wL1X7My.gif\" target=\"_blank\"><img decoding=\"async\" alt=\"Semana 1\" src=\"http:\/\/i.imgur.com\/wL1X7My.gif\" width=\"460\" \/><\/a><\/p>\n<p><strong><br \/>\nCINE MOVIL Y ESPACIOS CULTURALES ALTERNATIVOS<br \/>\n<\/strong>Adicionalmente a la muestra en salas, este a\u00f1o el Festival estar\u00e1 presente en espacios p\u00fablicos bajo la modalidad Cine M\u00f3vil, con funciones abiertas al p\u00fablico en general, as\u00ed como proyecciones en espacios culturales alternativos, incluyendo algunos en el interior del pa\u00eds.<\/p>\n<p><strong>Asociaci\u00f3n Cultural Humboldt &#8211; Caracas<br \/>\n<\/strong>La Inmigrante\u00a0&#8211;\u00a027 de Julio &#8211; 11:00AM<\/p>\n<p><strong>Direcci\u00f3n de Cultura UCV (Los Chaguaramos) &#8211; Caracas<br \/>\n<\/strong>Stoker\u00a0&#8211;\u00a020 &#8211; 2:00PM<br \/>\nLas Sesiones\u00a0&#8211;\u00a021\u00a0de Julio\u00a0&#8211; 2:00PM<br \/>\nHitchcock\u00a0 &#8211; \u00a022\u00a0de Julio\u00a0&#8211; 10:00AM<br \/>\nLa Inmigrante\u00a0&#8211;\u00a023\u00a0de Julio\u00a0&#8211; 10:00AM<\/p>\n<p><strong>Sala Cabrujas (Los Palos Grandes) &#8211; Caracas<br \/>\n<\/strong>La vida de Pi\u00a0&#8211;\u00a0 23\u00a0de Julio\u00a0&#8211; 6:00PM<br \/>\nStoker\u00a0&#8211; \u00a030 &#8211; 6:00PM<br \/>\nHitchcock &#8211; \u00a06 de Agosto &#8211; 6:00PM<br \/>\nConocer\u00e1s al hombre de tus sue\u00f1os &#8211;\u00a0 13 de Agosto &#8211; 6:00PM<\/p>\n<p><strong>Centro Cultural Chacao (El Rosal) &#8211; Caracas<br \/>\n<\/strong>La Inmigrante\u00a0&#8211;\u00a0Miercoles 21\u00a0de Julio\u00a0&#8211; 7:00PM<br \/>\nLas Sesiones\u00a0&#8211;\u00a0Martes 28\u00a0de Julio\u00a0&#8211; 7:00PM<br \/>\nHitchcock\u00a0&#8211;\u00a0Miercoles 29\u00a0de Julio\u00a0&#8211; 7:00PM<\/p>\n<p><strong>Centro de Arte Los Galpones (Los Chorros) &#8211; Caracas<br \/>\n<\/strong>Las Sesiones\u00a0&#8211;\u00a018\u00a0de Julio\u00a0&#8211; 6:30PM<br \/>\nStoker\u00a0&#8211; \u00a021\u00a0de Julio\u00a0&#8211; 6:30PM<br \/>\nLa Inmigrantes\u00a0&#8211; \u00a030\u00a0de Julio\u00a0&#8211; 6:30PM<\/p>\n<p><strong>Gran Cine M\u00f3vil &#8211; Caracas<br \/>\n<\/strong>La vida de Pi\u00a0&#8211; \u00a017 de Julio &#8211; 6:00PM (Plaza Bri\u00f3n, Chacaito)<br \/>\nTurbo &#8211;\u00a019 de Julio &#8211; 6:00PM (Plaza Bol\u00edvar, El Hatillo)<br \/>\nLlamando a Eco\u00a0&#8211;\u00a024 de Julio &#8211; 6:00PM (Plaza Miranda, CC. Millenium)<br \/>\nLa vida de Pi\u00a0&#8211; \u00a025 de Julio &#8211; 6:00PM (Concha Ac\u00fastica, Bello Monte)<\/p>\n<p><strong>Cine Jard\u00edn &#8211; Hacienda La Vega, El Para\u00edso (Caracas)<br \/>\n<\/strong>La vida de Pi\u00a0&#8211;\u00a02 de Agosto &#8211; 6:30PM<\/p>\n<p><strong>Cine Club Cherles Chaplin &#8211; Barquisimeto<br \/>\n<\/strong>Hitchcock\u00a0&#8211; \u00a022 de Julio &#8211; 7:30PM<br \/>\nLa Inmigrante\u00a0&#8211;\u00a026 de Julio &#8211; 6:45PM<br \/>\nLas Sesiones &#8211; 29 de Julio &#8211; 6:45PM<br \/>\nStoker\u00a0&#8211; 1ero de Agosto &#8211; 6:45PM<\/p>\n<p><strong>Museo de Arte Jes\u00fas Soto &#8211; Ciudad Bol\u00edvar<br \/>\n<\/strong>Hitchcock\u00a0&#8211; 18 de Julio &#8211; 7:00PM<br \/>\nConocer\u00e1s al hombre de tus sue\u00f1os\u00a0&#8211; 23 de Julio &#8211; 7:00PM<br \/>\nLa Inmigrante\u00a0&#8211; 25 de julio &#8211; 7:00PM<br \/>\nLa vida de Pi\u00a0&#8211; 30 de julio &#8211; 7:00PM<br \/>\nStoker\u00a0&#8211; 1ero de Agosto &#8211; 7:00PM<\/p>\n<p><strong>Centro de Arte L\u00eda Bermudez &#8211; Maracaibo<br \/>\n<\/strong>Stoker\u00a0&#8211; 17 de julio &#8211; 7:00PM<br \/>\nLos ni\u00f1os est\u00e1n bien\u00a0&#8211; 18\u00a0de julio &#8211; 7:00PM<br \/>\nLa vida de Pi\u00a0&#8211; 19\u00a0de julio &#8211; 7:00PM<br \/>\nConocer\u00e1s al hombre de tus sue\u00f1os\u00a0&#8211;\u00a0 20\u00a0de julio &#8211; 7:00PM<br \/>\nLas Sesiones\u00a0&#8211; 21\u00a0de julio &#8211; 7:00PM<br \/>\nLa Inmigrante\u00a0&#8211; 22\u00a0de julio &#8211; 7:00PM<br \/>\nHitchcock\u00a0&#8211; 23\u00a0de julio &#8211; 7:00PM<br \/>\nConocer\u00e1s al hombre de tus sue\u00f1os\u00a0&#8211; 24\u00a0de julio &#8211; 7:00PM<br \/>\nLa Inmigrante\u00a0&#8211; 25\u00a0de julio &#8211; 7:00PM<br \/>\nLos ni\u00f1os est\u00e1n bien\u00a0&#8211; 26\u00a0de julio &#8211; 7:00PM<br \/>\nHitchcock\u00a0&#8211; 27\u00a0de julio &#8211; 7:00PM<br \/>\nStoker\u00a0&#8211; 28 de julio &#8211; 7:00PM<br \/>\nLa vida de Pi\u00a0&#8211; 29\u00a0de julio &#8211; 7:00PM<br \/>\nLas Sesiones \u00a0&#8211; 29\u00a0de julio &#8211; 7:00PM<\/p>\n","protected":false},"excerpt":{"rendered":"","protected":false},"author":2,"featured_media":0,"comment_status":"closed","ping_status":"open","sticky":false,"template":"","format":"standard","meta":{"footnotes":""},"categories":[4,3,6],"tags":[],"class_list":["post-8027","post","type-post","status-publish","format-standard","hentry","category-events","category-news","category-past"],"_links":{"self":[{"href":"https:\/\/vaearts.org\/US\/wp-json\/wp\/v2\/posts\/8027","targetHints":{"allow":["GET"]}}],"collection":[{"href":"https:\/\/vaearts.org\/US\/wp-json\/wp\/v2\/posts"}],"about":[{"href":"https:\/\/vaearts.org\/US\/wp-json\/wp\/v2\/types\/post"}],"author":[{"embeddable":true,"href":"https:\/\/vaearts.org\/US\/wp-json\/wp\/v2\/users\/2"}],"replies":[{"embeddable":true,"href":"https:\/\/vaearts.org\/US\/wp-json\/wp\/v2\/comments?post=8027"}],"version-history":[{"count":6,"href":"https:\/\/vaearts.org\/US\/wp-json\/wp\/v2\/posts\/8027\/revisions"}],"predecessor-version":[{"id":8388,"href":"https:\/\/vaearts.org\/US\/wp-json\/wp\/v2\/posts\/8027\/revisions\/8388"}],"wp:attachment":[{"href":"https:\/\/vaearts.org\/US\/wp-json\/wp\/v2\/media?parent=8027"}],"wp:term":[{"taxonomy":"category","embeddable":true,"href":"https:\/\/vaearts.org\/US\/wp-json\/wp\/v2\/categories?post=8027"},{"taxonomy":"post_tag","embeddable":true,"href":"https:\/\/vaearts.org\/US\/wp-json\/wp\/v2\/tags?post=8027"}],"curies":[{"name":"wp","href":"https:\/\/api.w.org\/{rel}","templated":true}]}}